{"id":2499,"date":"2019-04-04T13:30:34","date_gmt":"2019-04-04T11:30:34","guid":{"rendered":"http:\/\/www.sillasmesas.es\/blog\/?p=2499"},"modified":"2019-04-04T13:30:34","modified_gmt":"2019-04-04T11:30:34","slug":"terrazas-estilo-arabe","status":"publish","type":"post","link":"https:\/\/www.sillasmesas.es\/blog\/proyectos-hosteleria\/terrazas-estilo-arabe\/","title":{"rendered":"Terrazas de estilo \u00e1rabe"},"content":{"rendered":"<!DOCTYPE html PUBLIC \"-\/\/W3C\/\/DTD HTML 4.0 Transitional\/\/EN\" \"http:\/\/www.w3.org\/TR\/REC-html40\/loose.dtd\">\n<?xml encoding=\"utf-8\" ?><?xml encoding=\"utf-8\" ?><html><body><p>&iquest;Quieres darle un look &aacute;rabe a tu terraza? Si te gustan las<b> terrazas de estilo &aacute;rabe<\/b>, no te pierdas estos 5 sitios &iexcl;Insp&iacute;rate par decorar tu local!<\/p>\n<hr>\n<p>Un local de hosteler&iacute;a <b>con terraza <\/b>siempre es un valor a&ntilde;adido y un aliciente para los clientes. Las posibilidades de decoraci&oacute;n y estilismo para estos espacios son infinitas aunque es recomendable que vaya en sinton&iacute;a con la del interior del establecimiento. En esta ocasi&oacute;n en el blog de SillasMesas vamos a hacer un recorrido por terrazas de <a title=\"Mobiliario de estilo &aacute;rabe para restaurantes, bares y cafeter&iacute;as\" href=\"http:\/\/www.sillasmesas.es\/blog\/mobiliario-estilo-arabe\/\"><b>estilo &aacute;rabe<\/b><\/a> de negocios espa&ntilde;oles. Son <a title=\"Restaurantes de estilo &aacute;rabe\" href=\"http:\/\/www.sillasmesas.es\/blog\/restaurantes-estilo-arabe\/\"><b>restaurantes<\/b><\/a>, bares o teter&iacute;as que nos trasladan hasta Marruecos o T&uacute;nez y en los que priman los colores intensos, los azulejos, los mosaicos y las mesas y sillas muy bajas.<\/p>\n<h2>5 Lugares con terrazas de estilo arabe<\/h2>\n<h3>Restaurante Aladd&iacute;n (Alicante)<\/h3>\n<p>En este restaurante se puede disfrutar de una aut&eacute;ntica cocina marroqu&iacute; en un entorno &uacute;nico. Si bien <b>las fuentes son un elemento<\/b> caracter&iacute;stico de jardines y patios &aacute;rabes, en este establecimiento el concepto se ha llevado m&aacute;s all&aacute; ya que cuenta<b> con piscina<\/b>. En Aladd&iacute;n tambi&eacute;n hay una jaima en medio de un jard&iacute;n en el que las celos&iacute;as, sillas de forja y azulejos complementan el espacio.<\/p>\n<blockquote class=\"instagram-media\" style=\"background: #FFF; border: 0; border-radius: 3px; box-shadow: 0 0 1px 0 rgba(0,0,0,0.5),0 1px 10px 0 rgba(0,0,0,0.15); margin: 1px; max-width: 540px; min-width: 326px; padding: 0; width: calc(100% - 2px);\" data-instgrm-captioned=\"\" data-instgrm-permalink=\"https:\/\/www.instagram.com\/p\/BoywChcgImu\/?utm_source=ig_embed&amp;utm_medium=loading\" data-instgrm-version=\"12\">\n<div style=\"padding: 16px;\"><a style=\"background: #FFFFFF; line-height: 0; padding: 0 0; text-align: center; text-decoration: none; width: 100%;\" href=\"https:\/\/www.instagram.com\/p\/BoywChcgImu\/?utm_source=ig_embed&amp;utm_medium=loading\" target=\"_blank\" rel=\"noopener noreferrer\"><br>\n<\/a>\n<div style=\"display: flex; flex-direction: row; align-items: center;\"><\/div>\n<div style=\"padding: 19% 0;\"><\/div>\n<div style=\"display: block; height: 50px; margin: 0 auto 12px; width: 50px;\"><\/div>\n<div style=\"padding-top: 8px;\">\n<div style=\"color: #3897f0; font-family: Arial,sans-serif; font-size: 14px; font-style: normal; font-weight: 550; line-height: 18px;\">Ver esta publicaci&oacute;n en Instagram<\/div>\n<\/div>\n<p style=\"margin: 8px 0 0 0; padding: 0 4px;\"><a style=\"color: #000; font-family: Arial,sans-serif; font-size: 14px; font-style: normal; font-weight: normal; line-height: 17px; text-decoration: none; word-wrap: break-word;\" href=\"https:\/\/www.instagram.com\/p\/BoywChcgImu\/?utm_source=ig_embed&amp;utm_medium=loading\" target=\"_blank\" rel=\"noopener noreferrer\">&iexcl;Puente a la vista! &iquest;Tienes ya planes para ma&ntilde;ana 12 de #Octubre y el fin de semana? Reserva en #RestauranteAladdin y disfruta de nuestra terraza, jard&iacute;n y gastronom&iacute;a marroqu&iacute;. #Restaurante #&Aacute;rabe #Alicante #CousCous<\/a><\/p>\n<p style=\"color: #c9c8cd; font-family: Arial,sans-serif; font-size: 14px; line-height: 17px; margin-bottom: 0; margin-top: 8px; overflow: hidden; padding: 8px 0 7px; text-align: center; text-overflow: ellipsis; white-space: nowrap;\">Una publicaci&oacute;n compartida de <a style=\"color: #c9c8cd; font-family: Arial,sans-serif; font-size: 14px; font-style: normal; font-weight: normal; line-height: 17px;\" href=\"https:\/\/www.instagram.com\/restaurante_aladdin\/?utm_source=ig_embed&amp;utm_medium=loading\" target=\"_blank\" rel=\"noopener noreferrer\"> Restaurante Aladdin<\/a> (@restaurante_aladdin) el <time style=\"font-family: Arial,sans-serif; font-size: 14px; line-height: 17px;\" datetime=\"2018-10-11T12:33:49+00:00\">11 Oct, 2018 a las 5:33 PDT<\/time><\/p>\n<\/div>\n<\/blockquote>\n<p><script src=\"\/\/www.instagram.com\/embed.js\" async=\"\"><\/script><br>\n<a href=\"https:\/\/www.instagram.com\/p\/Bj19siAgm-6\/\" rel=\"\">https:\/\/www.instagram.com\/p\/Bj19siAgm-6\/<\/a><\/p>\n<ul>\n<li>Web: <a href=\"http:\/\/www.restaurantealaddin.es\/\">http:\/\/www.restaurantealaddin.es\/<\/a><\/li>\n<li>Instagram: <a href=\"https:\/\/www.instagram.com\/restaurante_aladdin\/\" rel=\"\">https:\/\/www.instagram.com\/restaurante_aladdin\/<\/a><\/li>\n<\/ul>\n<h3>Sal&oacute;n de t&eacute; (C&oacute;rdoba)<\/h3>\n<p>Un aut&eacute;ntico &ldquo;templo&rdquo; del t&eacute; y las pastas &aacute;rabes en el que tambi&eacute;n se puede disfrutar de platos como el hummus, el falafel o el massaman de carne. En este establecimiento conviven elementos t&iacute;picos de la decoraci&oacute;n &aacute;rabe con la de patios cordobeses. As&iacute;, las <a title=\"Decoraci&oacute;n de restaurantes con plantas naturales\" href=\"http:\/\/www.sillasmesas.es\/blog\/decoracion-restaurantes-plantas\/\"><b>plantas naturales<\/b><\/a> se complementan con mesas bajas de azulejo, cojines, antig&uuml;edades&hellip; dando como resultado un lugar acogedor que transmite tranquilidad y armon&iacute;a.<\/p>\n<blockquote class=\"instagram-media\" style=\"background: #FFF; border: 0; border-radius: 3px; box-shadow: 0 0 1px 0 rgba(0,0,0,0.5),0 1px 10px 0 rgba(0,0,0,0.15); margin: 1px; max-width: 540px; min-width: 326px; padding: 0; width: calc(100% - 2px);\" data-instgrm-captioned=\"\" data-instgrm-permalink=\"https:\/\/www.instagram.com\/p\/BYI8PqKgy0L\/?utm_source=ig_embed&amp;utm_medium=loading\" data-instgrm-version=\"12\">\n<div style=\"padding: 16px;\"><a style=\"background: #FFFFFF; line-height: 0; padding: 0 0; text-align: center; text-decoration: none; width: 100%;\" href=\"https:\/\/www.instagram.com\/p\/BYI8PqKgy0L\/?utm_source=ig_embed&amp;utm_medium=loading\" target=\"_blank\" rel=\"noopener noreferrer\"><br>\n <\/a>\n<div style=\"display: flex; flex-direction: row; align-items: center;\"><\/div>\n<div style=\"padding: 19% 0;\"><\/div>\n<div style=\"display: block; height: 50px; margin: 0 auto 12px; width: 50px;\"><\/div>\n<div style=\"padding-top: 8px;\">\n<div style=\"color: #3897f0; font-family: Arial,sans-serif; font-size: 14px; font-style: normal; font-weight: 550; line-height: 18px;\">Ver esta publicaci&oacute;n en Instagram<\/div>\n<\/div>\n<p><a style=\"color: #000; font-family: Arial,sans-serif; font-size: 14px; font-style: normal; font-weight: normal; line-height: 17px; text-decoration: none; word-wrap: break-word;\" href=\"https:\/\/www.instagram.com\/p\/BYI8PqKgy0L\/?utm_source=ig_embed&amp;utm_medium=loading\" target=\"_blank\" rel=\"noopener noreferrer\">#salondetecordoba<\/a><br>\nUna publicaci&oacute;n compartida de <a style=\"color: #c9c8cd; font-family: Arial,sans-serif; font-size: 14px; font-style: normal; font-weight: normal; line-height: 17px;\" href=\"https:\/\/www.instagram.com\/bertrand.vdd\/?utm_source=ig_embed&amp;utm_medium=loading\" target=\"_blank\" rel=\"noopener noreferrer\"> Bertrand Van den Dooren<\/a> (@bertrand.vdd) el <time style=\"font-family: Arial,sans-serif; font-size: 14px; line-height: 17px;\" datetime=\"2017-08-23T14:30:03+00:00\">23 Ago, 2017 a las 7:30 PDT<\/time>\n<\/p><\/div>\n<\/blockquote>\n<p><script src=\"\/\/www.instagram.com\/embed.js\" async=\"\"><\/script><\/p>\n<ul>\n<li>Web: <a href=\"http:\/\/salondetecordoba.es\/\">http:\/\/salondetecordoba.es\/<\/a><\/li>\n<\/ul>\n<h3>Teter&iacute;a el Ba&ntilde;uelo (Granada)<\/h3>\n<p>Un lugar acogedor en un edificio antiguo con una terraza con unas vistas &uacute;nicas a la Alhambra. En &eacute;l prima la sencillez, los <b>muebles en forja y azulejos <\/b>en blanco y azul. Los t&eacute;s, las tartas caseras, los batidos y las pastas dulces &aacute;rabes forman parte de su carta. Esta teter&iacute;a es perfecta tanto para visitar por la ma&ntilde;ana como al atardecer y disfrutar de una panor&aacute;mica excepcional.<\/p>\n<blockquote class=\"instagram-media\" style=\"background: #FFF; border: 0; border-radius: 3px; box-shadow: 0 0 1px 0 rgba(0,0,0,0.5),0 1px 10px 0 rgba(0,0,0,0.15); margin: 1px; max-width: 540px; min-width: 326px; padding: 0; width: calc(100% - 2px);\" data-instgrm-captioned=\"\" data-instgrm-permalink=\"https:\/\/www.instagram.com\/p\/BqmjqRrBizU\/?utm_source=ig_embed&amp;utm_medium=loading\" data-instgrm-version=\"12\">\n<div style=\"padding: 16px;\"><a style=\"background: #FFFFFF; line-height: 0; padding: 0 0; text-align: center; text-decoration: none; width: 100%;\" href=\"https:\/\/www.instagram.com\/p\/BqmjqRrBizU\/?utm_source=ig_embed&amp;utm_medium=loading\" target=\"_blank\" rel=\"noopener noreferrer\"><br>\n<\/a>\n<div style=\"display: flex; flex-direction: row; align-items: center;\"><\/div>\n<div style=\"padding: 19% 0;\"><\/div>\n<div style=\"display: block; height: 50px; margin: 0 auto 12px; width: 50px;\"><\/div>\n<div style=\"padding-top: 8px;\">\n<div style=\"color: #3897f0; font-family: Arial,sans-serif; font-size: 14px; font-style: normal; font-weight: 550; line-height: 18px;\">Ver esta publicaci&oacute;n en Instagram<\/div>\n<\/div>\n<p style=\"margin: 8px 0 0 0; padding: 0 4px;\"><a style=\"color: #000; font-family: Arial,sans-serif; font-size: 14px; font-style: normal; font-weight: normal; line-height: 17px; text-decoration: none; word-wrap: break-word;\" href=\"https:\/\/www.instagram.com\/p\/BqmjqRrBizU\/?utm_source=ig_embed&amp;utm_medium=loading\" target=\"_blank\" rel=\"noopener noreferrer\">T&eacute;s marroqu&iacute; y nazar&iacute; &#127861;&#127807;&#10084; &bull; &bull; &bull; #ba&ntilde;uelo #elba&ntilde;uelo #lateteriadelba&ntilde;uelo #teteria #teter&iacute;a #te #t&eacute; #marroqui #marroqu&iacute; #temarroqui #t&eacute;marroqu&iacute; #nazar&iacute; #nazari #tenazari #t&eacute;nazar&iacute; #casaandalusi #casaandalus&iacute; #albaicin #albaic&iacute;n #alhambra #alhambradegranada #granada #granadaspain #andalucia #andalusia #igersgranada<\/a><\/p>\n<p style=\"color: #c9c8cd; font-family: Arial,sans-serif; font-size: 14px; line-height: 17px; margin-bottom: 0; margin-top: 8px; overflow: hidden; padding: 8px 0 7px; text-align: center; text-overflow: ellipsis; white-space: nowrap;\">Una publicaci&oacute;n compartida de <a style=\"color: #c9c8cd; font-family: Arial,sans-serif; font-size: 14px; font-style: normal; font-weight: normal; line-height: 17px;\" href=\"https:\/\/www.instagram.com\/migiros\/?utm_source=ig_embed&amp;utm_medium=loading\" target=\"_blank\" rel=\"noopener noreferrer\"> Mireia Gimeno<\/a> (@migiros) el <time style=\"font-family: Arial,sans-serif; font-size: 14px; line-height: 17px;\" datetime=\"2018-11-25T11:57:33+00:00\">25 Nov, 2018 a las 3:57 PST<\/time><\/p>\n<\/div>\n<\/blockquote>\n<p><script src=\"\/\/www.instagram.com\/embed.js\" async=\"\"><\/script><\/p>\n<ul>\n<li>Facebook: <a href=\"https:\/\/www.facebook.com\/pages\/La-Teter%C3%ADa-del-Ba%C3%B1uelo\/130516757009215\" rel=\"\">https:\/\/www.facebook.com\/pages\/La-Teter%C3%ADa-del-Ba%C3%B1uelo\/130516757009215<\/a><\/li>\n<\/ul>\n<h3>Du Liban (Madrid)<\/h3>\n<p>En este restaurante de Alcobendas especializado en comida libanesa la decoraci&oacute;n se caracteriza por su<b> elegancia, sofisticaci&oacute;n y sobriedad<\/b>, m&aacute;s alejada de otros locales de estilo &aacute;rabe. El local se complementa con una terraza acristalada en la que no falta una fuente. Por eso, adem&aacute;s de un men&uacute; que incluye falabel, tabul&eacute;, empanadillas de cordero y pi&ntilde;ones o el pan de pita reci&eacute;n hecho, el Du Liban tambi&eacute;n ofrece c&oacute;cteles y shishas (pipas de agua).<\/p>\n<blockquote class=\"instagram-media\" style=\"background: #FFF; border: 0; border-radius: 3px; box-shadow: 0 0 1px 0 rgba(0,0,0,0.5),0 1px 10px 0 rgba(0,0,0,0.15); margin: 1px; max-width: 540px; min-width: 326px; padding: 0; width: calc(100% - 2px);\" data-instgrm-captioned=\"\" data-instgrm-permalink=\"https:\/\/www.instagram.com\/p\/BR-dQBbAbXt\/?utm_source=ig_embed&amp;utm_medium=loading\" data-instgrm-version=\"12\">\n<div style=\"padding: 16px;\"><a style=\"background: #FFFFFF; line-height: 0; padding: 0 0; text-align: center; text-decoration: none; width: 100%;\" href=\"https:\/\/www.instagram.com\/p\/BR-dQBbAbXt\/?utm_source=ig_embed&amp;utm_medium=loading\" target=\"_blank\" rel=\"noopener noreferrer\"><br>\n <\/a>\n<div style=\"display: flex; flex-direction: row; align-items: center;\"><\/div>\n<div style=\"padding: 19% 0;\"><\/div>\n<div style=\"display: block; height: 50px; margin: 0 auto 12px; width: 50px;\"><\/div>\n<div style=\"padding-top: 8px;\">\n<div style=\"color: #3897f0; font-family: Arial,sans-serif; font-size: 14px; font-style: normal; font-weight: 550; line-height: 18px;\">Ver esta publicaci&oacute;n en Instagram<\/div>\n<\/div>\n<p><a style=\"color: #000; font-family: Arial,sans-serif; font-size: 14px; font-style: normal; font-weight: normal; line-height: 17px; text-decoration: none; word-wrap: break-word;\" href=\"https:\/\/www.instagram.com\/p\/BR-dQBbAbXt\/?utm_source=ig_embed&amp;utm_medium=loading\" target=\"_blank\" rel=\"noopener noreferrer\">La primavera empez&oacute; oficialmente y en @rest_duliban es un placer disfrutarla en nuestra terraza ya lista para vosotros!<\/a><br>\nUna publicaci&oacute;n compartida de <a style=\"color: #c9c8cd; font-family: Arial,sans-serif; font-size: 14px; font-style: normal; font-weight: normal; line-height: 17px;\" href=\"https:\/\/www.instagram.com\/rest_duliban\/?utm_source=ig_embed&amp;utm_medium=loading\" target=\"_blank\" rel=\"noopener noreferrer\"> Restaurante Du Liban<\/a> (@rest_duliban) el <time style=\"font-family: Arial,sans-serif; font-size: 14px; line-height: 17px;\" datetime=\"2017-03-23T09:38:27+00:00\">23 Mar, 2017 a las 2:38 PDT<\/time>\n<\/p><\/div>\n<\/blockquote>\n<p><script src=\"\/\/www.instagram.com\/embed.js\" async=\"\"><\/script><\/p>\n<ul>\n<li>Web: <a href=\"http:\/\/restauranteduliban.es\/\">http:\/\/restauranteduliban.es\/<\/a><\/li>\n<li>Facebook: <a href=\"https:\/\/www.facebook.com\/RestauranteDuLiban\/\" rel=\"\">https:\/\/www.facebook.com\/RestauranteDuLiban\/<\/a><\/li>\n<li>Instagram: <a href=\"https:\/\/www.instagram.com\/rest_duliban\/\" rel=\"\">https:\/\/www.instagram.com\/rest_duliban\/<\/a><\/li>\n<\/ul>\n<h3>Habel Babel (Madrid)<\/h3>\n<p>La demostraci&oacute;n de que para tener una terraza atractiva para los clientes no es necesario contar con un gran espacio. En esta teter&iacute;a madrile&ntilde;a han optado por las mesas y taburetes bajos para amueblar una terraza que da a la calle. Unos <b>pufs de cuero y unos ba&uacute;les<\/b> complementan la decoraci&oacute;n para trasladarnos a Marruecos o el L&iacute;bano.<br>\n<iframe loading=\"lazy\" style=\"border: none; overflow: hidden;\" src=\"https:\/\/www.facebook.com\/plugins\/post.php?href=https%3A%2F%2Fwww.facebook.com%2FHabelBabel18%2Fphotos%2Fa.767482460079703%2F773523102808972%2F%3Ftype%3D3&amp;width=500\" width=\"500\" height=\"380\" frameborder=\"0\" scrolling=\"no\"><\/iframe><\/p>\n<ul>\n<li>Facebook: <a href=\"https:\/\/www.facebook.com\/HabelBabel18\/\" rel=\"\">https:\/\/www.facebook.com\/HabelBabel18\/<\/a><\/li>\n<\/ul>\n<p>Las terrazas de estilo &aacute;rabe transmiten tranquilidad y relax. Por eso pueden incorporarse a un establecimiento hostelero aunque no est&eacute; especializado en este tipo de comida. Si est&aacute;s pensando en renovar la terraza de tu negocio, &iquest;por qu&eacute; no decantarse por una terraza con estilo &aacute;rabe,&nbsp;<b>sin&oacute;nimo de vitalidad y colorido<\/b>?<\/p>\n<\/body><\/html>\n","protected":false},"excerpt":{"rendered":"<p>&iquest;Quieres darle un look &aacute;rabe a tu terraza? Si te gustan las terrazas de estilo &aacute;rabe, no te pierdas estos 5 sitios &iexcl;Insp&iacute;rate par decorar tu local! Un local de hosteler&iacute;a con terraza siempre es un valor a&ntilde;adido y un aliciente para los clientes. Las posibilidades de decoraci&oacute;n y estilismo para estos espacios son infinitas [&hellip;]<\/p>\n","protected":false},"author":4,"featured_media":2500,"comment_status":"open","ping_status":"open","sticky":false,"template":"","format":"standard","meta":{"_acf_changed":false,"footnotes":""},"categories":[11],"tags":[26,22],"class_list":["post-2499","post","type-post","status-publish","format-standard","has-post-thumbnail","hentry","category-proyectos-hosteleria","tag-ideas-decoracion","tag-sector-hostelero"],"acf":[],"yoast_head":"<!-- This site is optimized with the Yoast SEO Premium plugin v23.2 (Yoast SEO v28.3) - https:\/\/yoast.com\/product\/yoast-seo-premium-wordpress\/ -->\n<title>Terrazas de estilo \u00e1rabe: 5 sitios que no te puedes perder<\/title>\n<meta name=\"description\" content=\"\u00bfQuieres darle un look \u00e1rabe a tu terraza? Si te gustan las terrazas de estilo \u00e1rabe, no te pierdas estos 5 sitios \u00a1Insp\u00edrate par decorar tu local!\" \/>\n<meta name=\"robots\" content=\"index, follow, max-snippet:-1, max-image-preview:large, max-video-preview:-1\" \/>\n<link rel=\"canonical\" href=\"https:\/\/www.sillasmesas.es\/blog\/proyectos-hosteleria\/terrazas-estilo-arabe\/\" \/>\n<meta property=\"og:locale\" content=\"es_ES\" \/>\n<meta property=\"og:type\" content=\"article\" \/>\n<meta property=\"og:title\" content=\"Terrazas de estilo \u00e1rabe\" \/>\n<meta property=\"og:description\" content=\"\u00bfQuieres darle un look \u00e1rabe a tu terraza? Si te gustan las terrazas de estilo \u00e1rabe, no te pierdas estos 5 sitios \u00a1Insp\u00edrate par decorar tu local!\" \/>\n<meta property=\"og:url\" content=\"https:\/\/www.sillasmesas.es\/blog\/proyectos-hosteleria\/terrazas-estilo-arabe\/\" \/>\n<meta property=\"og:site_name\" content=\"SillasMesas blog\" \/>\n<meta property=\"article:published_time\" content=\"2019-04-04T11:30:34+00:00\" \/>\n<meta property=\"og:image\" content=\"https:\/\/www.sillasmesas.es\/blog\/wp-content\/uploads\/2019\/03\/terrazas-de-estilo-arabe-1.jpg\" \/>\n\t<meta property=\"og:image:width\" content=\"1080\" \/>\n\t<meta property=\"og:image:height\" content=\"720\" \/>\n\t<meta property=\"og:image:type\" content=\"image\/jpeg\" \/>\n<meta name=\"author\" content=\"\u00c1lvaro Mar\u00edn Dur\u00e1n\" \/>\n<meta name=\"twitter:card\" content=\"summary_large_image\" \/>\n<meta name=\"twitter:label1\" content=\"Escrito por\" \/>\n\t<meta name=\"twitter:data1\" content=\"\u00c1lvaro Mar\u00edn Dur\u00e1n\" \/>\n\t<meta name=\"twitter:label2\" content=\"Tiempo de lectura\" \/>\n\t<meta name=\"twitter:data2\" content=\"4 minutos\" \/>\n<script type=\"application\/ld+json\" class=\"yoast-schema-graph\">{\"@context\":\"https:\\\/\\\/schema.org\",\"@graph\":[{\"@type\":\"Article\",\"@id\":\"https:\\\/\\\/www.sillasmesas.es\\\/blog\\\/proyectos-hosteleria\\\/terrazas-estilo-arabe\\\/#article\",\"isPartOf\":{\"@id\":\"https:\\\/\\\/www.sillasmesas.es\\\/blog\\\/proyectos-hosteleria\\\/terrazas-estilo-arabe\\\/\"},\"author\":{\"name\":\"\u00c1lvaro Mar\u00edn Dur\u00e1n\",\"@id\":\"https:\\\/\\\/www.sillasmesas.es\\\/blog\\\/#\\\/schema\\\/person\\\/fadfcef0687b8477db97b6bba2de0daf\"},\"headline\":\"Terrazas de estilo \u00e1rabe\",\"datePublished\":\"2019-04-04T11:30:34+00:00\",\"mainEntityOfPage\":{\"@id\":\"https:\\\/\\\/www.sillasmesas.es\\\/blog\\\/proyectos-hosteleria\\\/terrazas-estilo-arabe\\\/\"},\"wordCount\":817,\"commentCount\":0,\"publisher\":{\"@id\":\"https:\\\/\\\/www.sillasmesas.es\\\/blog\\\/#organization\"},\"image\":{\"@id\":\"https:\\\/\\\/www.sillasmesas.es\\\/blog\\\/proyectos-hosteleria\\\/terrazas-estilo-arabe\\\/#primaryimage\"},\"thumbnailUrl\":\"https:\\\/\\\/www.sillasmesas.es\\\/blog\\\/wp-content\\\/uploads\\\/2019\\\/03\\\/terrazas-de-estilo-arabe-1.jpg\",\"keywords\":[\"Ideas decoraci\u00f3n\",\"sector hostelero\"],\"articleSection\":[\"Proyectos hosteler\u00eda\"],\"inLanguage\":\"es\",\"potentialAction\":[{\"@type\":\"CommentAction\",\"name\":\"Comment\",\"target\":[\"https:\\\/\\\/www.sillasmesas.es\\\/blog\\\/proyectos-hosteleria\\\/terrazas-estilo-arabe\\\/#respond\"]}]},{\"@type\":\"WebPage\",\"@id\":\"https:\\\/\\\/www.sillasmesas.es\\\/blog\\\/proyectos-hosteleria\\\/terrazas-estilo-arabe\\\/\",\"url\":\"https:\\\/\\\/www.sillasmesas.es\\\/blog\\\/proyectos-hosteleria\\\/terrazas-estilo-arabe\\\/\",\"name\":\"Terrazas de estilo \u00e1rabe: 5 sitios que no te puedes perder\",\"isPartOf\":{\"@id\":\"https:\\\/\\\/www.sillasmesas.es\\\/blog\\\/#website\"},\"primaryImageOfPage\":{\"@id\":\"https:\\\/\\\/www.sillasmesas.es\\\/blog\\\/proyectos-hosteleria\\\/terrazas-estilo-arabe\\\/#primaryimage\"},\"image\":{\"@id\":\"https:\\\/\\\/www.sillasmesas.es\\\/blog\\\/proyectos-hosteleria\\\/terrazas-estilo-arabe\\\/#primaryimage\"},\"thumbnailUrl\":\"https:\\\/\\\/www.sillasmesas.es\\\/blog\\\/wp-content\\\/uploads\\\/2019\\\/03\\\/terrazas-de-estilo-arabe-1.jpg\",\"datePublished\":\"2019-04-04T11:30:34+00:00\",\"description\":\"\u00bfQuieres darle un look \u00e1rabe a tu terraza? Si te gustan las terrazas de estilo \u00e1rabe, no te pierdas estos 5 sitios \u00a1Insp\u00edrate par decorar tu local!\",\"breadcrumb\":{\"@id\":\"https:\\\/\\\/www.sillasmesas.es\\\/blog\\\/proyectos-hosteleria\\\/terrazas-estilo-arabe\\\/#breadcrumb\"},\"inLanguage\":\"es\",\"potentialAction\":[{\"@type\":\"ReadAction\",\"target\":[\"https:\\\/\\\/www.sillasmesas.es\\\/blog\\\/proyectos-hosteleria\\\/terrazas-estilo-arabe\\\/\"]}]},{\"@type\":\"ImageObject\",\"inLanguage\":\"es\",\"@id\":\"https:\\\/\\\/www.sillasmesas.es\\\/blog\\\/proyectos-hosteleria\\\/terrazas-estilo-arabe\\\/#primaryimage\",\"url\":\"https:\\\/\\\/www.sillasmesas.es\\\/blog\\\/wp-content\\\/uploads\\\/2019\\\/03\\\/terrazas-de-estilo-arabe-1.jpg\",\"contentUrl\":\"https:\\\/\\\/www.sillasmesas.es\\\/blog\\\/wp-content\\\/uploads\\\/2019\\\/03\\\/terrazas-de-estilo-arabe-1.jpg\",\"width\":1080,\"height\":720,\"caption\":\"terrazas de estilo arabe\"},{\"@type\":\"BreadcrumbList\",\"@id\":\"https:\\\/\\\/www.sillasmesas.es\\\/blog\\\/proyectos-hosteleria\\\/terrazas-estilo-arabe\\\/#breadcrumb\",\"itemListElement\":[{\"@type\":\"ListItem\",\"position\":1,\"name\":\"Portada\",\"item\":\"https:\\\/\\\/www.sillasmesas.es\\\/blog\\\/\"},{\"@type\":\"ListItem\",\"position\":2,\"name\":\"Terrazas de estilo \u00e1rabe\"}]},{\"@type\":\"WebSite\",\"@id\":\"https:\\\/\\\/www.sillasmesas.es\\\/blog\\\/#website\",\"url\":\"https:\\\/\\\/www.sillasmesas.es\\\/blog\\\/\",\"name\":\"SillasMesas blog\",\"description\":\"\",\"publisher\":{\"@id\":\"https:\\\/\\\/www.sillasmesas.es\\\/blog\\\/#organization\"},\"potentialAction\":[{\"@type\":\"SearchAction\",\"target\":{\"@type\":\"EntryPoint\",\"urlTemplate\":\"https:\\\/\\\/www.sillasmesas.es\\\/blog\\\/?s={search_term_string}\"},\"query-input\":{\"@type\":\"PropertyValueSpecification\",\"valueRequired\":true,\"valueName\":\"search_term_string\"}}],\"inLanguage\":\"es\"},{\"@type\":\"Organization\",\"@id\":\"https:\\\/\\\/www.sillasmesas.es\\\/blog\\\/#organization\",\"name\":\"SillasMesas blog\",\"url\":\"https:\\\/\\\/www.sillasmesas.es\\\/blog\\\/\",\"logo\":{\"@type\":\"ImageObject\",\"inLanguage\":\"es\",\"@id\":\"https:\\\/\\\/www.sillasmesas.es\\\/blog\\\/#\\\/schema\\\/logo\\\/image\\\/\",\"url\":\"https:\\\/\\\/www.sillasmesas.es\\\/blog\\\/wp-content\\\/uploads\\\/2024\\\/11\\\/Logo-footer_transparente.png\",\"contentUrl\":\"https:\\\/\\\/www.sillasmesas.es\\\/blog\\\/wp-content\\\/uploads\\\/2024\\\/11\\\/Logo-footer_transparente.png\",\"width\":300,\"height\":65,\"caption\":\"SillasMesas blog\"},\"image\":{\"@id\":\"https:\\\/\\\/www.sillasmesas.es\\\/blog\\\/#\\\/schema\\\/logo\\\/image\\\/\"}},{\"@type\":\"Person\",\"@id\":\"https:\\\/\\\/www.sillasmesas.es\\\/blog\\\/#\\\/schema\\\/person\\\/fadfcef0687b8477db97b6bba2de0daf\",\"name\":\"\u00c1lvaro Mar\u00edn Dur\u00e1n\",\"image\":{\"@type\":\"ImageObject\",\"inLanguage\":\"es\",\"@id\":\"https:\\\/\\\/secure.gravatar.com\\\/avatar\\\/29acadca08bf136ccb3af96c228cb67029eb20a66d506472742fc018d2e2026f?s=96&d=mm&r=g\",\"url\":\"https:\\\/\\\/secure.gravatar.com\\\/avatar\\\/29acadca08bf136ccb3af96c228cb67029eb20a66d506472742fc018d2e2026f?s=96&d=mm&r=g\",\"contentUrl\":\"https:\\\/\\\/secure.gravatar.com\\\/avatar\\\/29acadca08bf136ccb3af96c228cb67029eb20a66d506472742fc018d2e2026f?s=96&d=mm&r=g\",\"caption\":\"\u00c1lvaro Mar\u00edn Dur\u00e1n\"},\"url\":\"https:\\\/\\\/www.sillasmesas.es\\\/blog\\\/author\\\/alvaro_md\\\/\"}]}<\/script>\n<!-- \/ Yoast SEO Premium plugin. -->","yoast_head_json":{"title":"Terrazas de estilo \u00e1rabe: 5 sitios que no te puedes perder","description":"\u00bfQuieres darle un look \u00e1rabe a tu terraza? Si te gustan las terrazas de estilo \u00e1rabe, no te pierdas estos 5 sitios \u00a1Insp\u00edrate par decorar tu local!","robots":{"index":"index","follow":"follow","max-snippet":"max-snippet:-1","max-image-preview":"max-image-preview:large","max-video-preview":"max-video-preview:-1"},"canonical":"https:\/\/www.sillasmesas.es\/blog\/proyectos-hosteleria\/terrazas-estilo-arabe\/","og_locale":"es_ES","og_type":"article","og_title":"Terrazas de estilo \u00e1rabe","og_description":"\u00bfQuieres darle un look \u00e1rabe a tu terraza? Si te gustan las terrazas de estilo \u00e1rabe, no te pierdas estos 5 sitios \u00a1Insp\u00edrate par decorar tu local!","og_url":"https:\/\/www.sillasmesas.es\/blog\/proyectos-hosteleria\/terrazas-estilo-arabe\/","og_site_name":"SillasMesas blog","article_published_time":"2019-04-04T11:30:34+00:00","og_image":[{"width":1080,"height":720,"url":"https:\/\/www.sillasmesas.es\/blog\/wp-content\/uploads\/2019\/03\/terrazas-de-estilo-arabe-1.jpg","type":"image\/jpeg"}],"author":"\u00c1lvaro Mar\u00edn Dur\u00e1n","twitter_card":"summary_large_image","twitter_misc":{"Escrito por":"\u00c1lvaro Mar\u00edn Dur\u00e1n","Tiempo de lectura":"4 minutos"},"schema":{"@context":"https:\/\/schema.org","@graph":[{"@type":"Article","@id":"https:\/\/www.sillasmesas.es\/blog\/proyectos-hosteleria\/terrazas-estilo-arabe\/#article","isPartOf":{"@id":"https:\/\/www.sillasmesas.es\/blog\/proyectos-hosteleria\/terrazas-estilo-arabe\/"},"author":{"name":"\u00c1lvaro Mar\u00edn Dur\u00e1n","@id":"https:\/\/www.sillasmesas.es\/blog\/#\/schema\/person\/fadfcef0687b8477db97b6bba2de0daf"},"headline":"Terrazas de estilo \u00e1rabe","datePublished":"2019-04-04T11:30:34+00:00","mainEntityOfPage":{"@id":"https:\/\/www.sillasmesas.es\/blog\/proyectos-hosteleria\/terrazas-estilo-arabe\/"},"wordCount":817,"commentCount":0,"publisher":{"@id":"https:\/\/www.sillasmesas.es\/blog\/#organization"},"image":{"@id":"https:\/\/www.sillasmesas.es\/blog\/proyectos-hosteleria\/terrazas-estilo-arabe\/#primaryimage"},"thumbnailUrl":"https:\/\/www.sillasmesas.es\/blog\/wp-content\/uploads\/2019\/03\/terrazas-de-estilo-arabe-1.jpg","keywords":["Ideas decoraci\u00f3n","sector hostelero"],"articleSection":["Proyectos hosteler\u00eda"],"inLanguage":"es","potentialAction":[{"@type":"CommentAction","name":"Comment","target":["https:\/\/www.sillasmesas.es\/blog\/proyectos-hosteleria\/terrazas-estilo-arabe\/#respond"]}]},{"@type":"WebPage","@id":"https:\/\/www.sillasmesas.es\/blog\/proyectos-hosteleria\/terrazas-estilo-arabe\/","url":"https:\/\/www.sillasmesas.es\/blog\/proyectos-hosteleria\/terrazas-estilo-arabe\/","name":"Terrazas de estilo \u00e1rabe: 5 sitios que no te puedes perder","isPartOf":{"@id":"https:\/\/www.sillasmesas.es\/blog\/#website"},"primaryImageOfPage":{"@id":"https:\/\/www.sillasmesas.es\/blog\/proyectos-hosteleria\/terrazas-estilo-arabe\/#primaryimage"},"image":{"@id":"https:\/\/www.sillasmesas.es\/blog\/proyectos-hosteleria\/terrazas-estilo-arabe\/#primaryimage"},"thumbnailUrl":"https:\/\/www.sillasmesas.es\/blog\/wp-content\/uploads\/2019\/03\/terrazas-de-estilo-arabe-1.jpg","datePublished":"2019-04-04T11:30:34+00:00","description":"\u00bfQuieres darle un look \u00e1rabe a tu terraza? Si te gustan las terrazas de estilo \u00e1rabe, no te pierdas estos 5 sitios \u00a1Insp\u00edrate par decorar tu local!","breadcrumb":{"@id":"https:\/\/www.sillasmesas.es\/blog\/proyectos-hosteleria\/terrazas-estilo-arabe\/#breadcrumb"},"inLanguage":"es","potentialAction":[{"@type":"ReadAction","target":["https:\/\/www.sillasmesas.es\/blog\/proyectos-hosteleria\/terrazas-estilo-arabe\/"]}]},{"@type":"ImageObject","inLanguage":"es","@id":"https:\/\/www.sillasmesas.es\/blog\/proyectos-hosteleria\/terrazas-estilo-arabe\/#primaryimage","url":"https:\/\/www.sillasmesas.es\/blog\/wp-content\/uploads\/2019\/03\/terrazas-de-estilo-arabe-1.jpg","contentUrl":"https:\/\/www.sillasmesas.es\/blog\/wp-content\/uploads\/2019\/03\/terrazas-de-estilo-arabe-1.jpg","width":1080,"height":720,"caption":"terrazas de estilo arabe"},{"@type":"BreadcrumbList","@id":"https:\/\/www.sillasmesas.es\/blog\/proyectos-hosteleria\/terrazas-estilo-arabe\/#breadcrumb","itemListElement":[{"@type":"ListItem","position":1,"name":"Portada","item":"https:\/\/www.sillasmesas.es\/blog\/"},{"@type":"ListItem","position":2,"name":"Terrazas de estilo \u00e1rabe"}]},{"@type":"WebSite","@id":"https:\/\/www.sillasmesas.es\/blog\/#website","url":"https:\/\/www.sillasmesas.es\/blog\/","name":"SillasMesas blog","description":"","publisher":{"@id":"https:\/\/www.sillasmesas.es\/blog\/#organization"},"potentialAction":[{"@type":"SearchAction","target":{"@type":"EntryPoint","urlTemplate":"https:\/\/www.sillasmesas.es\/blog\/?s={search_term_string}"},"query-input":{"@type":"PropertyValueSpecification","valueRequired":true,"valueName":"search_term_string"}}],"inLanguage":"es"},{"@type":"Organization","@id":"https:\/\/www.sillasmesas.es\/blog\/#organization","name":"SillasMesas blog","url":"https:\/\/www.sillasmesas.es\/blog\/","logo":{"@type":"ImageObject","inLanguage":"es","@id":"https:\/\/www.sillasmesas.es\/blog\/#\/schema\/logo\/image\/","url":"https:\/\/www.sillasmesas.es\/blog\/wp-content\/uploads\/2024\/11\/Logo-footer_transparente.png","contentUrl":"https:\/\/www.sillasmesas.es\/blog\/wp-content\/uploads\/2024\/11\/Logo-footer_transparente.png","width":300,"height":65,"caption":"SillasMesas blog"},"image":{"@id":"https:\/\/www.sillasmesas.es\/blog\/#\/schema\/logo\/image\/"}},{"@type":"Person","@id":"https:\/\/www.sillasmesas.es\/blog\/#\/schema\/person\/fadfcef0687b8477db97b6bba2de0daf","name":"\u00c1lvaro Mar\u00edn Dur\u00e1n","image":{"@type":"ImageObject","inLanguage":"es","@id":"https:\/\/secure.gravatar.com\/avatar\/29acadca08bf136ccb3af96c228cb67029eb20a66d506472742fc018d2e2026f?s=96&d=mm&r=g","url":"https:\/\/secure.gravatar.com\/avatar\/29acadca08bf136ccb3af96c228cb67029eb20a66d506472742fc018d2e2026f?s=96&d=mm&r=g","contentUrl":"https:\/\/secure.gravatar.com\/avatar\/29acadca08bf136ccb3af96c228cb67029eb20a66d506472742fc018d2e2026f?s=96&d=mm&r=g","caption":"\u00c1lvaro Mar\u00edn Dur\u00e1n"},"url":"https:\/\/www.sillasmesas.es\/blog\/author\/alvaro_md\/"}]}},"_links":{"self":[{"href":"https:\/\/www.sillasmesas.es\/blog\/wp-json\/wp\/v2\/posts\/2499","targetHints":{"allow":["GET"]}}],"collection":[{"href":"https:\/\/www.sillasmesas.es\/blog\/wp-json\/wp\/v2\/posts"}],"about":[{"href":"https:\/\/www.sillasmesas.es\/blog\/wp-json\/wp\/v2\/types\/post"}],"author":[{"embeddable":true,"href":"https:\/\/www.sillasmesas.es\/blog\/wp-json\/wp\/v2\/users\/4"}],"replies":[{"embeddable":true,"href":"https:\/\/www.sillasmesas.es\/blog\/wp-json\/wp\/v2\/comments?post=2499"}],"version-history":[{"count":0,"href":"https:\/\/www.sillasmesas.es\/blog\/wp-json\/wp\/v2\/posts\/2499\/revisions"}],"wp:featuredmedia":[{"embeddable":true,"href":"https:\/\/www.sillasmesas.es\/blog\/wp-json\/wp\/v2\/media\/2500"}],"wp:attachment":[{"href":"https:\/\/www.sillasmesas.es\/blog\/wp-json\/wp\/v2\/media?parent=2499"}],"wp:term":[{"taxonomy":"category","embeddable":true,"href":"https:\/\/www.sillasmesas.es\/blog\/wp-json\/wp\/v2\/categories?post=2499"},{"taxonomy":"post_tag","embeddable":true,"href":"https:\/\/www.sillasmesas.es\/blog\/wp-json\/wp\/v2\/tags?post=2499"}],"curies":[{"name":"wp","href":"https:\/\/api.w.org\/{rel}","templated":true}]}}