{"id":2495,"date":"2019-04-01T17:30:10","date_gmt":"2019-04-01T15:30:10","guid":{"rendered":"http:\/\/www.sillasmesas.es\/blog\/?p=2495"},"modified":"2019-04-01T17:30:10","modified_gmt":"2019-04-01T15:30:10","slug":"cortinas-para-restaurantes","status":"publish","type":"post","link":"https:\/\/www.sillasmesas.es\/blog\/decoracion-hostelera\/cortinas-para-restaurantes\/","title":{"rendered":"Cortinas para restaurantes: \u00bfC\u00f3mo incorporar las cortinas en hosteler\u00eda?"},"content":{"rendered":"<!DOCTYPE html PUBLIC \"-\/\/W3C\/\/DTD HTML 4.0 Transitional\/\/EN\" \"http:\/\/www.w3.org\/TR\/REC-html40\/loose.dtd\">\n<?xml encoding=\"utf-8\" ?><?xml encoding=\"utf-8\" ?><html><body><p>Las <b>cortinas son un elemento decorativo<\/b> que ayudan a crear ambientes personalizados, controlar la luminosidad de un espacio y aportar intimidad. Por eso, pueden jugar un papel destacable dentro de la decoraci&oacute;n de un local de hosteler&iacute;a. En el blog de SillasMesas te contamos c&oacute;mo incorporar <b>cortinas para restaurantes<\/b>, bares o cafeter&iacute;as y qu&eacute; ventajas tienen &iexcl;Dale estilo a tu local!<\/p>\n<h2>Ventajas de usar cortinas en un restaurante<\/h2>\n<ul>\n<li><b>Aportan privacidad:<\/b> la intimidad es una cuesti&oacute;n exigida por algunos clientes en determinados locales de hosteler&iacute;a. Por ejemplo, comidas de empresa en un restaurante o una cena de pareja. En funci&oacute;n del tipo de<b> tejido, grosor y opacidad <\/b>podemos lograr un mayor o menor grado de privacidad.<\/li>\n<li><b>Ayudan a regular la temperatura:<\/b> las cortinas sirven tanto para mantener el calor y evitar su p&eacute;rdida cuando tenemos encendido un <a title=\"calefacci&oacute;n el&eacute;ctrica vs Calefacci&oacute;n a gas, &iquest;qu&eacute; sistema de calefacci&oacute;n es el m&aacute;s adecuado en hosteler&iacute;a\" href=\"http:\/\/www.sillasmesas.es\/blog\/calefaccion-electrica-vs-calefaccion-gas\/\"><b>sistema de calefacci&oacute;n<\/b><\/a>&nbsp;como para ayudar a mantener una estancia fresca en las &eacute;pocas m&aacute;s c&aacute;lidas al evitar que entren directamente los rayos de sol.<\/li>\n<li><b>Protecci&oacute;n solar: <\/b>disponer de <a title=\"C&oacute;mo elegir mobiliario de terraza\" href=\"http:\/\/www.sillasmesas.es\/blog\/como-elegir-mobiliario-terraza\/\"><b>una terraza<\/b><\/a>&nbsp;o una zona acristalada siempre es un plus en un establecimiento hostelero. Sin embargo, si le da el sol de forma directa puede ser contraproducente en las &eacute;pocas de m&aacute;s calor. Unas cortinas adecuadas funcionar&aacute;n como protecci&oacute;n solar para poder comer, cenar o tomarse algo sin que el sol suponga una molestia.<\/li>\n<li><b>Complementan la decoraci&oacute;n: <\/b>las cortinas o estores ayudan a ambientar un espacio, darle<b> exclusividad y elegancia<\/b>. Son el complemento perfecto para crear una coherencia visual con el mobiliario y resto de elementos decorativos. La diversidad de texturas, colores y dise&ntilde;os hacen que se adecuen tanto a un <a title=\"Mobiliario de estilo &aacute;rabe\" href=\"http:\/\/www.sillasmesas.es\/blog\/restaurantes-estilo-arabe\/\"><b>restaurante de estilo &aacute;rabe<\/b><\/a>&nbsp;como un <a title=\"Bares con estilo pop\" href=\"http:\/\/www.sillasmesas.es\/blog\/bares-con-estilo-pop\/\"><b>bar de estilo pop<\/b><\/a>.<\/li>\n<li><b>Crean juegos de luz:<\/b> seg&uacute;n el tipo de cortina, formato, textura, sistema de plegado&hellip; crean juegos de luz que se convierten en un elemento decorativo m&aacute;s.<\/li>\n<\/ul>\n<h2>Estilos de cortinas para restaurantes<\/h2>\n<h3>Cortinas de cristal<\/h3>\n<p>Un sistema con un <b>impacto visual casi nulo<\/b>, lo que las convierte en la soluci&oacute;n ideal cuando queremos potenciar las vistas a un monumento o paisaje como, por ejemplo, en el caso de la terraza de un restaurante al lado de una catedral. Este cerramiento cumple con una <b>funci&oacute;n est&eacute;tica y pr&aacute;ctica<\/b> ya que tambi&eacute;n posibilita disfrutar de la terraza en los<b> meses m&aacute;s fr&iacute;os <\/b>del a&ntilde;o. En algunos casos las cortinas de cristal son solo a media altura.<\/p>\n<blockquote class=\"instagram-media\" style=\"background: #FFF; border: 0; border-radius: 3px; box-shadow: 0 0 1px 0 rgba(0,0,0,0.5),0 1px 10px 0 rgba(0,0,0,0.15); margin: 1px; max-width: 540px; min-width: 326px; padding: 0; width: calc(100% - 2px);\" data-instgrm-captioned=\"\" data-instgrm-permalink=\"https:\/\/www.instagram.com\/p\/BvcCI8gBGub\/?utm_source=ig_embed&amp;utm_medium=loading\" data-instgrm-version=\"12\">\n<div style=\"padding: 16px;\"><a style=\"background: #FFFFFF; line-height: 0; padding: 0 0; text-align: center; text-decoration: none; width: 100%;\" href=\"https:\/\/www.instagram.com\/p\/BvcCI8gBGub\/?utm_source=ig_embed&amp;utm_medium=loading\" target=\"_blank\" rel=\"noopener noreferrer\"><br>\n<\/a>\n<div style=\"display: flex; flex-direction: row; align-items: center;\"><\/div>\n<div style=\"padding: 19% 0;\"><\/div>\n<div style=\"display: block; height: 50px; margin: 0 auto 12px; width: 50px;\"><\/div>\n<div style=\"padding-top: 8px;\">\n<div style=\"color: #3897f0; font-family: Arial,sans-serif; font-size: 14px; font-style: normal; font-weight: 550; line-height: 18px;\">Ver esta publicaci&oacute;n en Instagram<\/div>\n<\/div>\n<p style=\"margin: 8px 0 0 0; padding: 0 4px;\"><a style=\"color: #000; font-family: Arial,sans-serif; font-size: 14px; font-style: normal; font-weight: normal; line-height: 17px; text-decoration: none; word-wrap: break-word;\" href=\"https:\/\/www.instagram.com\/p\/BvcCI8gBGub\/?utm_source=ig_embed&amp;utm_medium=loading\" target=\"_blank\" rel=\"noopener noreferrer\">Sople de donde sople, tenemos la soluci&oacute;n perfecta para aislarlo. . . . #paravientos #mamparas #cerramientosdecristal #cortinasdecristal #pergolas #architecture #archidaily #design #exteriordesign #decorate #terrace<\/a><\/p>\n<p style=\"color: #c9c8cd; font-family: Arial,sans-serif; font-size: 14px; line-height: 17px; margin-bottom: 0; margin-top: 8px; overflow: hidden; padding: 8px 0 7px; text-align: center; text-overflow: ellipsis; white-space: nowrap;\">Una publicaci&oacute;n compartida de <a style=\"color: #c9c8cd; font-family: Arial,sans-serif; font-size: 14px; font-style: normal; font-weight: normal; line-height: 17px;\" href=\"https:\/\/www.instagram.com\/kauma_official\/?utm_source=ig_embed&amp;utm_medium=loading\" target=\"_blank\" rel=\"noopener noreferrer\"> Kauma<\/a> (@kauma_official) el <time style=\"font-family: Arial,sans-serif; font-size: 14px; line-height: 17px;\" datetime=\"2019-03-25T16:29:12+00:00\">25 Mar, 2019 a las 9:29 PDT<\/time><\/p>\n<\/div>\n<\/blockquote>\n<p><script src=\"\/\/www.instagram.com\/embed.js\" async=\"\"><\/script>&nbsp;<\/p>\n<h3>Cortinas motorizadas<\/h3>\n<p>Las hay de diferentes formatos. Una de sus principales ventajas <b>es la comodidad<\/b> ya que se despliegan o recogen con solo apretar un bot&oacute;n sin necesidad de estar justo delante de ellas evitando posibles molestias a clientes (por ejemplo si el ventanal est&aacute; justo detr&aacute;s de una mesa).<\/p>\n<blockquote class=\"instagram-media\" style=\"background: #FFF; border: 0; border-radius: 3px; box-shadow: 0 0 1px 0 rgba(0,0,0,0.5),0 1px 10px 0 rgba(0,0,0,0.15); margin: 1px; max-width: 540px; min-width: 326px; padding: 0; width: calc(100% - 2px);\" data-instgrm-captioned=\"\" data-instgrm-permalink=\"https:\/\/www.instagram.com\/p\/Bvb8J5rlC83\/?utm_source=ig_embed&amp;utm_medium=loading\" data-instgrm-version=\"12\">\n<div style=\"padding: 16px;\"><a style=\"background: #FFFFFF; line-height: 0; padding: 0 0; text-align: center; text-decoration: none; width: 100%;\" href=\"https:\/\/www.instagram.com\/p\/Bvb8J5rlC83\/?utm_source=ig_embed&amp;utm_medium=loading\" target=\"_blank\" rel=\"noopener noreferrer\"><br>\n <\/a>\n<div style=\"display: flex; flex-direction: row; align-items: center;\"><\/div>\n<div style=\"padding: 19% 0;\"><\/div>\n<div style=\"display: block; height: 50px; margin: 0 auto 12px; width: 50px;\"><\/div>\n<div style=\"padding-top: 8px;\">\n<div style=\"color: #3897f0; font-family: Arial,sans-serif; font-size: 14px; font-style: normal; font-weight: 550; line-height: 18px;\">Ver esta publicaci&oacute;n en Instagram<\/div>\n<\/div>\n<p><a style=\"color: #000; font-family: Arial,sans-serif; font-size: 14px; font-style: normal; font-weight: normal; line-height: 17px; text-decoration: none; word-wrap: break-word;\" href=\"https:\/\/www.instagram.com\/p\/Bvb8J5rlC83\/?utm_source=ig_embed&amp;utm_medium=loading\" target=\"_blank\" rel=\"noopener noreferrer\">Hasta qu&eacute; ancho podemos realizar un black out? Depende! Roller Group no une ni suelda pa&ntilde;os porque se desprenden con el calor y el tiempo. No importa qu&eacute; les aseguren otros oferentes: esto pasa. Por lo tanto, con pa&ntilde;os enteros podemos llegar a los 6m o algo m&aacute;s por 2.80m de altura, o 3,05m de ancho por 6m sin problemas. La &uacute;nica limitaci&oacute;n en este caso: el espacio de arrollamiento. Roller Group realiza la memoria de c&aacute;lculo de cada cortina de ancho y alto especiales para la tranquilidad del cliente. Somos ingenieros &ndash; sabemos el qu&eacute; y el por qu&eacute; de lo que hacemos. #blackout #cortinasmotorizadas #cortinasespeciales #rollersmotorizadas #cortinasautomaticas<\/a><br>\nUna publicaci&oacute;n compartida de <a style=\"color: #c9c8cd; font-family: Arial,sans-serif; font-size: 14px; font-style: normal; font-weight: normal; line-height: 17px;\" href=\"https:\/\/www.instagram.com\/roller_group_cortinas\/?utm_source=ig_embed&amp;utm_medium=loading\" target=\"_blank\" rel=\"noopener noreferrer\"> Roller Group<\/a> (@roller_group_cortinas) el <time style=\"font-family: Arial,sans-serif; font-size: 14px; line-height: 17px;\" datetime=\"2019-03-25T15:45:08+00:00\">25 Mar, 2019 a las 8:45 PDT<\/time>\n<\/p><\/div>\n<\/blockquote>\n<p><script src=\"\/\/www.instagram.com\/embed.js\" async=\"\"><\/script><\/p>\n<h3>Cortinas o estores enrollables<\/h3>\n<p>Un mecanismo cl&aacute;sico y sencillo en el que el tejido se va enrollando sobre si mismo en la zona alta de la ventana cuando se recoge. Se puede colocar tanto en interior como en exterior como <b>un sustituto de toldos.<\/b> Entre sus aspectos positivos est&aacute; la diversidad de tejidos, lo que permite combinarlo con diferentes estilos decorativos. Adem&aacute;s, tambi&eacute;n pueden ser de<b> materiales naturales<\/b> como bamb&uacute; o esparto.<\/p>\n<blockquote class=\"instagram-media\" style=\"background: #FFF; border: 0; border-radius: 3px; box-shadow: 0 0 1px 0 rgba(0,0,0,0.5),0 1px 10px 0 rgba(0,0,0,0.15); margin: 1px; max-width: 540px; min-width: 326px; padding: 0; width: calc(100% - 2px);\" data-instgrm-captioned=\"\" data-instgrm-permalink=\"https:\/\/www.instagram.com\/p\/BtAxq6DH8KH\/?utm_source=ig_embed&amp;utm_medium=loading\" data-instgrm-version=\"12\">\n<div style=\"padding: 16px;\"><a style=\"background: #FFFFFF; line-height: 0; padding: 0 0; text-align: center; text-decoration: none; width: 100%;\" href=\"https:\/\/www.instagram.com\/p\/BtAxq6DH8KH\/?utm_source=ig_embed&amp;utm_medium=loading\" target=\"_blank\" rel=\"noopener noreferrer\"><br>\n<\/a>\n<div style=\"display: flex; flex-direction: row; align-items: center;\"><\/div>\n<div style=\"padding: 19% 0;\"><\/div>\n<div style=\"display: block; height: 50px; margin: 0 auto 12px; width: 50px;\"><\/div>\n<div style=\"padding-top: 8px;\">\n<div style=\"color: #3897f0; font-family: Arial,sans-serif; font-size: 14px; font-style: normal; font-weight: 550; line-height: 18px;\">Ver esta publicaci&oacute;n en Instagram<\/div>\n<\/div>\n<p style=\"margin: 8px 0 0 0; padding: 0 4px;\"><a style=\"color: #000; font-family: Arial,sans-serif; font-size: 14px; font-style: normal; font-weight: normal; line-height: 17px; text-decoration: none; word-wrap: break-word;\" href=\"https:\/\/www.instagram.com\/p\/BtAxq6DH8KH\/?utm_source=ig_embed&amp;utm_medium=loading\" target=\"_blank\" rel=\"noopener noreferrer\">Cada vez nos ped&iacute;s m&aacute;s en la tienda estores enrollables&hellip; &iquest;por qu&eacute;? &iexcl;Estas son sus principales ventajas! &#128071; &#10004;&#65039; Se adaptan f&aacute;cilmente a la luz natural ofreciendo una gran variedad de productos. &#10004;&#65039;Se instalan de forma sencilla. &#10004;&#65039;Son muy recurrentes en empresas debido a su larga vida &uacute;til. &iquest;Quieres a&ntilde;adir un estor enrollable a tu vida? &#128073; &iexcl;Contacta con nosotros! &#128072; #Bandalux #Decora #DecoraEstores #Estores #Decoraci&oacute;n #Ventanas #EstoresEnrollables<\/a><\/p>\n<p style=\"color: #c9c8cd; font-family: Arial,sans-serif; font-size: 14px; line-height: 17px; margin-bottom: 0; margin-top: 8px; overflow: hidden; padding: 8px 0 7px; text-align: center; text-overflow: ellipsis; white-space: nowrap;\">Una publicaci&oacute;n compartida de <a style=\"color: #c9c8cd; font-family: Arial,sans-serif; font-size: 14px; font-style: normal; font-weight: normal; line-height: 17px;\" href=\"https:\/\/www.instagram.com\/decoraestores\/?utm_source=ig_embed&amp;utm_medium=loading\" target=\"_blank\" rel=\"noopener noreferrer\"> Decora<\/a> (@decoraestores) el <time style=\"font-family: Arial,sans-serif; font-size: 14px; line-height: 17px;\" datetime=\"2019-01-24T09:23:00+00:00\">24 Ene, 2019 a las 1:23 PST<\/time><\/p>\n<\/div>\n<\/blockquote>\n<p><script src=\"\/\/www.instagram.com\/embed.js\" async=\"\"><\/script><\/p>\n<h3>Cortinas o estores romanos<\/h3>\n<p>Se caracterizan por las dobleces horizontales que forman cuando se recogen en contraposici&oacute;n a la apariencia tersa que presentan cuando las extendemos. Su acabado sencillo y elegante casa con diferentes estilos, desde los <a title=\"Mobiliario de estilo cl&aacute;sico\" href=\"http:\/\/www.sillasmesas.es\/blog\/mobiliario-estilo-clasico\/\"><b>m&aacute;s cl&aacute;sicos<\/b><\/a> a los m&aacute;s modernos.<\/p>\n<h3>Cortinas verticales<\/h3>\n<p>Su principal caracter&iacute;stica es que permite un gran <b>control de la luminosidad<\/b> creando diferentes ambientes seg&uacute;n la posici&oacute;n de las lamas, algo que puede ser muy &uacute;til para conseguir ambientes &iacute;ntimos en un reservado de un restaurante o cafeter&iacute;a.<\/p>\n<blockquote class=\"instagram-media\" style=\"background: #FFF; border: 0; border-radius: 3px; box-shadow: 0 0 1px 0 rgba(0,0,0,0.5),0 1px 10px 0 rgba(0,0,0,0.15); margin: 1px; max-width: 540px; min-width: 326px; padding: 0; width: calc(100% - 2px);\" data-instgrm-captioned=\"\" data-instgrm-permalink=\"https:\/\/www.instagram.com\/p\/BuqE83oFWvN\/?utm_source=ig_embed&amp;utm_medium=loading\" data-instgrm-version=\"12\">\n<div style=\"padding: 16px;\"><a style=\"background: #FFFFFF; line-height: 0; padding: 0 0; text-align: center; text-decoration: none; width: 100%;\" href=\"https:\/\/www.instagram.com\/p\/BuqE83oFWvN\/?utm_source=ig_embed&amp;utm_medium=loading\" target=\"_blank\" rel=\"noopener noreferrer\"><br>\n <\/a>\n<div style=\"display: flex; flex-direction: row; align-items: center;\"><\/div>\n<div style=\"padding: 19% 0;\"><\/div>\n<div style=\"display: block; height: 50px; margin: 0 auto 12px; width: 50px;\"><\/div>\n<div style=\"padding-top: 8px;\">\n<div style=\"color: #3897f0; font-family: Arial,sans-serif; font-size: 14px; font-style: normal; font-weight: 550; line-height: 18px;\">Ver esta publicaci&oacute;n en Instagram<\/div>\n<\/div>\n<p><a style=\"color: #000; font-family: Arial,sans-serif; font-size: 14px; font-style: normal; font-weight: normal; line-height: 17px; text-decoration: none; word-wrap: break-word;\" href=\"https:\/\/www.instagram.com\/p\/BuqE83oFWvN\/?utm_source=ig_embed&amp;utm_medium=loading\" target=\"_blank\" rel=\"noopener noreferrer\">Cortina vertical de lamas de 127 mm en screen con apertura visual del 5%, en dos colores diferentes para simular caidas laterales similar a cortinas tradicionales #marbella #mijas #fuengirola #benalmadena #arroyodelamiel #torremolinos #malaga #costadelsol #cortinas #cortinavertical #decoracion #interiorismo<\/a><br>\nUna publicaci&oacute;n compartida de <a style=\"color: #c9c8cd; font-family: Arial,sans-serif; font-size: 14px; font-style: normal; font-weight: normal; line-height: 17px;\" href=\"https:\/\/www.instagram.com\/instalahogar\/?utm_source=ig_embed&amp;utm_medium=loading\" target=\"_blank\" rel=\"noopener noreferrer\"> INSTALAHOGAR<\/a> (@instalahogar) el <time style=\"font-family: Arial,sans-serif; font-size: 14px; line-height: 17px;\" datetime=\"2019-03-06T06:51:44+00:00\">5 Mar, 2019 a las 10:51 PST<\/time>\n<\/p><\/div>\n<\/blockquote>\n<p><script src=\"\/\/www.instagram.com\/embed.js\" async=\"\"><\/script><\/p>\n<h3>Estores japoneses<\/h3>\n<p>Llamados tambi&eacute;n <a title=\"Mobiliario de estilo japon&eacute;s\" href=\"http:\/\/www.sillasmesas.es\/blog\/mobiliario-estilo-japones\/\"><b>paneles japoneses <\/b><\/a> por su similitud con los separadores de estancias t&iacute;picos de ese pa&iacute;s. Se puede utilizar tanto en interior -combina muy bien en ambientes minimalistas- como en terrazas. Existe la posibilidad de decorarlos con impresi&oacute;n digital.<\/p>\n<blockquote class=\"instagram-media\" style=\"background: #FFF; border: 0; border-radius: 3px; box-shadow: 0 0 1px 0 rgba(0,0,0,0.5),0 1px 10px 0 rgba(0,0,0,0.15); margin: 1px; max-width: 540px; min-width: 326px; padding: 0; width: calc(100% - 2px);\" data-instgrm-captioned=\"\" data-instgrm-permalink=\"https:\/\/www.instagram.com\/p\/Bst0vB2hwKG\/?utm_source=ig_embed&amp;utm_medium=loading\" data-instgrm-version=\"12\">\n<div style=\"padding: 16px;\"><a style=\"background: #FFFFFF; line-height: 0; padding: 0 0; text-align: center; text-decoration: none; width: 100%;\" href=\"https:\/\/www.instagram.com\/p\/Bst0vB2hwKG\/?utm_source=ig_embed&amp;utm_medium=loading\" target=\"_blank\" rel=\"noopener noreferrer\"><br>\n<\/a>\n<div style=\"display: flex; flex-direction: row; align-items: center;\"><\/div>\n<div style=\"padding: 19% 0;\"><\/div>\n<div style=\"display: block; height: 50px; margin: 0 auto 12px; width: 50px;\"><\/div>\n<div style=\"padding-top: 8px;\">\n<div style=\"color: #3897f0; font-family: Arial,sans-serif; font-size: 14px; font-style: normal; font-weight: 550; line-height: 18px;\">Ver esta publicaci&oacute;n en Instagram<\/div>\n<\/div>\n<p style=\"margin: 8px 0 0 0; padding: 0 4px;\"><a style=\"color: #000; font-family: Arial,sans-serif; font-size: 14px; font-style: normal; font-weight: normal; line-height: 17px; text-decoration: none; word-wrap: break-word;\" href=\"https:\/\/www.instagram.com\/p\/Bst0vB2hwKG\/?utm_source=ig_embed&amp;utm_medium=loading\" target=\"_blank\" rel=\"noopener noreferrer\">PANEL JAPON&Eacute;S DE TEJIDO T&Eacute;CNICO. #decoration #decor #design #interior #wedding #homedecor #interiordesign #decoracion #home #MORAWEBPJTecnico #decorproduction #interiors #panelesjaponeses #homedesign #inspiration #designer #furniture #instagood #instahome #lifestyle #interiorismo #Morales #interiorstyling #interiordesigner #interiordecor #house #modern #livingroom #interiores #homedecoration<\/a><\/p>\n<p style=\"color: #c9c8cd; font-family: Arial,sans-serif; font-size: 14px; line-height: 17px; margin-bottom: 0; margin-top: 8px; overflow: hidden; padding: 8px 0 7px; text-align: center; text-overflow: ellipsis; white-space: nowrap;\">Una publicaci&oacute;n compartida de <a style=\"color: #c9c8cd; font-family: Arial,sans-serif; font-size: 14px; font-style: normal; font-weight: normal; line-height: 17px;\" href=\"https:\/\/www.instagram.com\/decoracion_morales_hogar\/?utm_source=ig_embed&amp;utm_medium=loading\" target=\"_blank\" rel=\"noopener noreferrer\"> Decoraci&oacute;n MORALES<\/a> (@decoracion_morales_hogar) el <time style=\"font-family: Arial,sans-serif; font-size: 14px; line-height: 17px;\" datetime=\"2019-01-17T00:44:13+00:00\">16 Ene, 2019 a las 4:44 PST<\/time><\/p>\n<\/div>\n<\/blockquote>\n<p><script src=\"\/\/www.instagram.com\/embed.js\" async=\"\"><\/script><\/p>\n<\/body><\/html>\n","protected":false},"excerpt":{"rendered":"<p>Las cortinas son un elemento decorativo que ayudan a crear ambientes personalizados, controlar la luminosidad de un espacio y aportar intimidad. Por eso, pueden jugar un papel destacable dentro de la decoraci&oacute;n de un local de hosteler&iacute;a. En el blog de SillasMesas te contamos c&oacute;mo incorporar cortinas para restaurantes, bares o cafeter&iacute;as y qu&eacute; ventajas [&hellip;]<\/p>\n","protected":false},"author":4,"featured_media":2496,"comment_status":"open","ping_status":"open","sticky":false,"template":"","format":"standard","meta":{"_acf_changed":false,"footnotes":""},"categories":[6],"tags":[19,26],"class_list":["post-2495","post","type-post","status-publish","format-standard","has-post-thumbnail","hentry","category-decoracion-hostelera","tag-diseno","tag-ideas-decoracion"],"acf":[],"yoast_head":"<!-- This site is optimized with the Yoast SEO Premium plugin v23.2 (Yoast SEO v28.3) - https:\/\/yoast.com\/product\/yoast-seo-premium-wordpress\/ -->\n<title>Cortinas para restaurantes: qu\u00e9 ventajas y estilos elegir<\/title>\n<meta name=\"description\" content=\"En el blog de SillasMesas te contamos c\u00f3mo incorporar cortinas para restaurantes, bares o cafeter\u00edas y qu\u00e9 ventajas tienen \u00a1Dale estilo a tu local!\" \/>\n<meta name=\"robots\" content=\"index, follow, max-snippet:-1, max-image-preview:large, max-video-preview:-1\" \/>\n<link rel=\"canonical\" href=\"https:\/\/www.sillasmesas.es\/blog\/decoracion-hostelera\/cortinas-para-restaurantes\/\" \/>\n<meta property=\"og:locale\" content=\"es_ES\" \/>\n<meta property=\"og:type\" content=\"article\" \/>\n<meta property=\"og:title\" content=\"Cortinas para restaurantes: \u00bfC\u00f3mo incorporar las cortinas en hosteler\u00eda?\" \/>\n<meta property=\"og:description\" content=\"En el blog de SillasMesas te contamos c\u00f3mo incorporar cortinas para restaurantes, bares o cafeter\u00edas y qu\u00e9 ventajas tienen \u00a1Dale estilo a tu local!\" \/>\n<meta property=\"og:url\" content=\"https:\/\/www.sillasmesas.es\/blog\/decoracion-hostelera\/cortinas-para-restaurantes\/\" \/>\n<meta property=\"og:site_name\" content=\"SillasMesas blog\" \/>\n<meta property=\"article:published_time\" content=\"2019-04-01T15:30:10+00:00\" \/>\n<meta property=\"og:image\" content=\"https:\/\/www.sillasmesas.es\/blog\/wp-content\/uploads\/2019\/03\/cortinas-para-restaurantes-1.jpg\" \/>\n\t<meta property=\"og:image:width\" content=\"1080\" \/>\n\t<meta property=\"og:image:height\" content=\"720\" \/>\n\t<meta property=\"og:image:type\" content=\"image\/jpeg\" \/>\n<meta name=\"author\" content=\"\u00c1lvaro Mar\u00edn Dur\u00e1n\" \/>\n<meta name=\"twitter:card\" content=\"summary_large_image\" \/>\n<meta name=\"twitter:label1\" content=\"Escrito por\" \/>\n\t<meta name=\"twitter:data1\" content=\"\u00c1lvaro Mar\u00edn Dur\u00e1n\" \/>\n\t<meta name=\"twitter:label2\" content=\"Tiempo de lectura\" \/>\n\t<meta name=\"twitter:data2\" content=\"5 minutos\" \/>\n<script type=\"application\/ld+json\" class=\"yoast-schema-graph\">{\"@context\":\"https:\\\/\\\/schema.org\",\"@graph\":[{\"@type\":\"Article\",\"@id\":\"https:\\\/\\\/www.sillasmesas.es\\\/blog\\\/decoracion-hostelera\\\/cortinas-para-restaurantes\\\/#article\",\"isPartOf\":{\"@id\":\"https:\\\/\\\/www.sillasmesas.es\\\/blog\\\/decoracion-hostelera\\\/cortinas-para-restaurantes\\\/\"},\"author\":{\"name\":\"\u00c1lvaro Mar\u00edn Dur\u00e1n\",\"@id\":\"https:\\\/\\\/www.sillasmesas.es\\\/blog\\\/#\\\/schema\\\/person\\\/fadfcef0687b8477db97b6bba2de0daf\"},\"headline\":\"Cortinas para restaurantes: \u00bfC\u00f3mo incorporar las cortinas en hosteler\u00eda?\",\"datePublished\":\"2019-04-01T15:30:10+00:00\",\"mainEntityOfPage\":{\"@id\":\"https:\\\/\\\/www.sillasmesas.es\\\/blog\\\/decoracion-hostelera\\\/cortinas-para-restaurantes\\\/\"},\"wordCount\":1073,\"commentCount\":0,\"publisher\":{\"@id\":\"https:\\\/\\\/www.sillasmesas.es\\\/blog\\\/#organization\"},\"image\":{\"@id\":\"https:\\\/\\\/www.sillasmesas.es\\\/blog\\\/decoracion-hostelera\\\/cortinas-para-restaurantes\\\/#primaryimage\"},\"thumbnailUrl\":\"https:\\\/\\\/www.sillasmesas.es\\\/blog\\\/wp-content\\\/uploads\\\/2019\\\/03\\\/cortinas-para-restaurantes-1.jpg\",\"keywords\":[\"dise\u00f1o\",\"Ideas decoraci\u00f3n\"],\"articleSection\":[\"Decoraci\u00f3n Hostelera\"],\"inLanguage\":\"es\",\"potentialAction\":[{\"@type\":\"CommentAction\",\"name\":\"Comment\",\"target\":[\"https:\\\/\\\/www.sillasmesas.es\\\/blog\\\/decoracion-hostelera\\\/cortinas-para-restaurantes\\\/#respond\"]}]},{\"@type\":\"WebPage\",\"@id\":\"https:\\\/\\\/www.sillasmesas.es\\\/blog\\\/decoracion-hostelera\\\/cortinas-para-restaurantes\\\/\",\"url\":\"https:\\\/\\\/www.sillasmesas.es\\\/blog\\\/decoracion-hostelera\\\/cortinas-para-restaurantes\\\/\",\"name\":\"Cortinas para restaurantes: qu\u00e9 ventajas y estilos elegir\",\"isPartOf\":{\"@id\":\"https:\\\/\\\/www.sillasmesas.es\\\/blog\\\/#website\"},\"primaryImageOfPage\":{\"@id\":\"https:\\\/\\\/www.sillasmesas.es\\\/blog\\\/decoracion-hostelera\\\/cortinas-para-restaurantes\\\/#primaryimage\"},\"image\":{\"@id\":\"https:\\\/\\\/www.sillasmesas.es\\\/blog\\\/decoracion-hostelera\\\/cortinas-para-restaurantes\\\/#primaryimage\"},\"thumbnailUrl\":\"https:\\\/\\\/www.sillasmesas.es\\\/blog\\\/wp-content\\\/uploads\\\/2019\\\/03\\\/cortinas-para-restaurantes-1.jpg\",\"datePublished\":\"2019-04-01T15:30:10+00:00\",\"description\":\"En el blog de SillasMesas te contamos c\u00f3mo incorporar cortinas para restaurantes, bares o cafeter\u00edas y qu\u00e9 ventajas tienen \u00a1Dale estilo a tu local!\",\"breadcrumb\":{\"@id\":\"https:\\\/\\\/www.sillasmesas.es\\\/blog\\\/decoracion-hostelera\\\/cortinas-para-restaurantes\\\/#breadcrumb\"},\"inLanguage\":\"es\",\"potentialAction\":[{\"@type\":\"ReadAction\",\"target\":[\"https:\\\/\\\/www.sillasmesas.es\\\/blog\\\/decoracion-hostelera\\\/cortinas-para-restaurantes\\\/\"]}]},{\"@type\":\"ImageObject\",\"inLanguage\":\"es\",\"@id\":\"https:\\\/\\\/www.sillasmesas.es\\\/blog\\\/decoracion-hostelera\\\/cortinas-para-restaurantes\\\/#primaryimage\",\"url\":\"https:\\\/\\\/www.sillasmesas.es\\\/blog\\\/wp-content\\\/uploads\\\/2019\\\/03\\\/cortinas-para-restaurantes-1.jpg\",\"contentUrl\":\"https:\\\/\\\/www.sillasmesas.es\\\/blog\\\/wp-content\\\/uploads\\\/2019\\\/03\\\/cortinas-para-restaurantes-1.jpg\",\"width\":1080,\"height\":720,\"caption\":\"cortinas para restaurantes\"},{\"@type\":\"BreadcrumbList\",\"@id\":\"https:\\\/\\\/www.sillasmesas.es\\\/blog\\\/decoracion-hostelera\\\/cortinas-para-restaurantes\\\/#breadcrumb\",\"itemListElement\":[{\"@type\":\"ListItem\",\"position\":1,\"name\":\"Portada\",\"item\":\"https:\\\/\\\/www.sillasmesas.es\\\/blog\\\/\"},{\"@type\":\"ListItem\",\"position\":2,\"name\":\"Cortinas para restaurantes: \u00bfC\u00f3mo incorporar las cortinas en hosteler\u00eda?\"}]},{\"@type\":\"WebSite\",\"@id\":\"https:\\\/\\\/www.sillasmesas.es\\\/blog\\\/#website\",\"url\":\"https:\\\/\\\/www.sillasmesas.es\\\/blog\\\/\",\"name\":\"SillasMesas blog\",\"description\":\"\",\"publisher\":{\"@id\":\"https:\\\/\\\/www.sillasmesas.es\\\/blog\\\/#organization\"},\"potentialAction\":[{\"@type\":\"SearchAction\",\"target\":{\"@type\":\"EntryPoint\",\"urlTemplate\":\"https:\\\/\\\/www.sillasmesas.es\\\/blog\\\/?s={search_term_string}\"},\"query-input\":{\"@type\":\"PropertyValueSpecification\",\"valueRequired\":true,\"valueName\":\"search_term_string\"}}],\"inLanguage\":\"es\"},{\"@type\":\"Organization\",\"@id\":\"https:\\\/\\\/www.sillasmesas.es\\\/blog\\\/#organization\",\"name\":\"SillasMesas blog\",\"url\":\"https:\\\/\\\/www.sillasmesas.es\\\/blog\\\/\",\"logo\":{\"@type\":\"ImageObject\",\"inLanguage\":\"es\",\"@id\":\"https:\\\/\\\/www.sillasmesas.es\\\/blog\\\/#\\\/schema\\\/logo\\\/image\\\/\",\"url\":\"https:\\\/\\\/www.sillasmesas.es\\\/blog\\\/wp-content\\\/uploads\\\/2024\\\/11\\\/Logo-footer_transparente.png\",\"contentUrl\":\"https:\\\/\\\/www.sillasmesas.es\\\/blog\\\/wp-content\\\/uploads\\\/2024\\\/11\\\/Logo-footer_transparente.png\",\"width\":300,\"height\":65,\"caption\":\"SillasMesas blog\"},\"image\":{\"@id\":\"https:\\\/\\\/www.sillasmesas.es\\\/blog\\\/#\\\/schema\\\/logo\\\/image\\\/\"}},{\"@type\":\"Person\",\"@id\":\"https:\\\/\\\/www.sillasmesas.es\\\/blog\\\/#\\\/schema\\\/person\\\/fadfcef0687b8477db97b6bba2de0daf\",\"name\":\"\u00c1lvaro Mar\u00edn Dur\u00e1n\",\"image\":{\"@type\":\"ImageObject\",\"inLanguage\":\"es\",\"@id\":\"https:\\\/\\\/secure.gravatar.com\\\/avatar\\\/29acadca08bf136ccb3af96c228cb67029eb20a66d506472742fc018d2e2026f?s=96&d=mm&r=g\",\"url\":\"https:\\\/\\\/secure.gravatar.com\\\/avatar\\\/29acadca08bf136ccb3af96c228cb67029eb20a66d506472742fc018d2e2026f?s=96&d=mm&r=g\",\"contentUrl\":\"https:\\\/\\\/secure.gravatar.com\\\/avatar\\\/29acadca08bf136ccb3af96c228cb67029eb20a66d506472742fc018d2e2026f?s=96&d=mm&r=g\",\"caption\":\"\u00c1lvaro Mar\u00edn Dur\u00e1n\"},\"url\":\"https:\\\/\\\/www.sillasmesas.es\\\/blog\\\/author\\\/alvaro_md\\\/\"}]}<\/script>\n<!-- \/ Yoast SEO Premium plugin. -->","yoast_head_json":{"title":"Cortinas para restaurantes: qu\u00e9 ventajas y estilos elegir","description":"En el blog de SillasMesas te contamos c\u00f3mo incorporar cortinas para restaurantes, bares o cafeter\u00edas y qu\u00e9 ventajas tienen \u00a1Dale estilo a tu local!","robots":{"index":"index","follow":"follow","max-snippet":"max-snippet:-1","max-image-preview":"max-image-preview:large","max-video-preview":"max-video-preview:-1"},"canonical":"https:\/\/www.sillasmesas.es\/blog\/decoracion-hostelera\/cortinas-para-restaurantes\/","og_locale":"es_ES","og_type":"article","og_title":"Cortinas para restaurantes: \u00bfC\u00f3mo incorporar las cortinas en hosteler\u00eda?","og_description":"En el blog de SillasMesas te contamos c\u00f3mo incorporar cortinas para restaurantes, bares o cafeter\u00edas y qu\u00e9 ventajas tienen \u00a1Dale estilo a tu local!","og_url":"https:\/\/www.sillasmesas.es\/blog\/decoracion-hostelera\/cortinas-para-restaurantes\/","og_site_name":"SillasMesas blog","article_published_time":"2019-04-01T15:30:10+00:00","og_image":[{"width":1080,"height":720,"url":"https:\/\/www.sillasmesas.es\/blog\/wp-content\/uploads\/2019\/03\/cortinas-para-restaurantes-1.jpg","type":"image\/jpeg"}],"author":"\u00c1lvaro Mar\u00edn Dur\u00e1n","twitter_card":"summary_large_image","twitter_misc":{"Escrito por":"\u00c1lvaro Mar\u00edn Dur\u00e1n","Tiempo de lectura":"5 minutos"},"schema":{"@context":"https:\/\/schema.org","@graph":[{"@type":"Article","@id":"https:\/\/www.sillasmesas.es\/blog\/decoracion-hostelera\/cortinas-para-restaurantes\/#article","isPartOf":{"@id":"https:\/\/www.sillasmesas.es\/blog\/decoracion-hostelera\/cortinas-para-restaurantes\/"},"author":{"name":"\u00c1lvaro Mar\u00edn Dur\u00e1n","@id":"https:\/\/www.sillasmesas.es\/blog\/#\/schema\/person\/fadfcef0687b8477db97b6bba2de0daf"},"headline":"Cortinas para restaurantes: \u00bfC\u00f3mo incorporar las cortinas en hosteler\u00eda?","datePublished":"2019-04-01T15:30:10+00:00","mainEntityOfPage":{"@id":"https:\/\/www.sillasmesas.es\/blog\/decoracion-hostelera\/cortinas-para-restaurantes\/"},"wordCount":1073,"commentCount":0,"publisher":{"@id":"https:\/\/www.sillasmesas.es\/blog\/#organization"},"image":{"@id":"https:\/\/www.sillasmesas.es\/blog\/decoracion-hostelera\/cortinas-para-restaurantes\/#primaryimage"},"thumbnailUrl":"https:\/\/www.sillasmesas.es\/blog\/wp-content\/uploads\/2019\/03\/cortinas-para-restaurantes-1.jpg","keywords":["dise\u00f1o","Ideas decoraci\u00f3n"],"articleSection":["Decoraci\u00f3n Hostelera"],"inLanguage":"es","potentialAction":[{"@type":"CommentAction","name":"Comment","target":["https:\/\/www.sillasmesas.es\/blog\/decoracion-hostelera\/cortinas-para-restaurantes\/#respond"]}]},{"@type":"WebPage","@id":"https:\/\/www.sillasmesas.es\/blog\/decoracion-hostelera\/cortinas-para-restaurantes\/","url":"https:\/\/www.sillasmesas.es\/blog\/decoracion-hostelera\/cortinas-para-restaurantes\/","name":"Cortinas para restaurantes: qu\u00e9 ventajas y estilos elegir","isPartOf":{"@id":"https:\/\/www.sillasmesas.es\/blog\/#website"},"primaryImageOfPage":{"@id":"https:\/\/www.sillasmesas.es\/blog\/decoracion-hostelera\/cortinas-para-restaurantes\/#primaryimage"},"image":{"@id":"https:\/\/www.sillasmesas.es\/blog\/decoracion-hostelera\/cortinas-para-restaurantes\/#primaryimage"},"thumbnailUrl":"https:\/\/www.sillasmesas.es\/blog\/wp-content\/uploads\/2019\/03\/cortinas-para-restaurantes-1.jpg","datePublished":"2019-04-01T15:30:10+00:00","description":"En el blog de SillasMesas te contamos c\u00f3mo incorporar cortinas para restaurantes, bares o cafeter\u00edas y qu\u00e9 ventajas tienen \u00a1Dale estilo a tu local!","breadcrumb":{"@id":"https:\/\/www.sillasmesas.es\/blog\/decoracion-hostelera\/cortinas-para-restaurantes\/#breadcrumb"},"inLanguage":"es","potentialAction":[{"@type":"ReadAction","target":["https:\/\/www.sillasmesas.es\/blog\/decoracion-hostelera\/cortinas-para-restaurantes\/"]}]},{"@type":"ImageObject","inLanguage":"es","@id":"https:\/\/www.sillasmesas.es\/blog\/decoracion-hostelera\/cortinas-para-restaurantes\/#primaryimage","url":"https:\/\/www.sillasmesas.es\/blog\/wp-content\/uploads\/2019\/03\/cortinas-para-restaurantes-1.jpg","contentUrl":"https:\/\/www.sillasmesas.es\/blog\/wp-content\/uploads\/2019\/03\/cortinas-para-restaurantes-1.jpg","width":1080,"height":720,"caption":"cortinas para restaurantes"},{"@type":"BreadcrumbList","@id":"https:\/\/www.sillasmesas.es\/blog\/decoracion-hostelera\/cortinas-para-restaurantes\/#breadcrumb","itemListElement":[{"@type":"ListItem","position":1,"name":"Portada","item":"https:\/\/www.sillasmesas.es\/blog\/"},{"@type":"ListItem","position":2,"name":"Cortinas para restaurantes: \u00bfC\u00f3mo incorporar las cortinas en hosteler\u00eda?"}]},{"@type":"WebSite","@id":"https:\/\/www.sillasmesas.es\/blog\/#website","url":"https:\/\/www.sillasmesas.es\/blog\/","name":"SillasMesas blog","description":"","publisher":{"@id":"https:\/\/www.sillasmesas.es\/blog\/#organization"},"potentialAction":[{"@type":"SearchAction","target":{"@type":"EntryPoint","urlTemplate":"https:\/\/www.sillasmesas.es\/blog\/?s={search_term_string}"},"query-input":{"@type":"PropertyValueSpecification","valueRequired":true,"valueName":"search_term_string"}}],"inLanguage":"es"},{"@type":"Organization","@id":"https:\/\/www.sillasmesas.es\/blog\/#organization","name":"SillasMesas blog","url":"https:\/\/www.sillasmesas.es\/blog\/","logo":{"@type":"ImageObject","inLanguage":"es","@id":"https:\/\/www.sillasmesas.es\/blog\/#\/schema\/logo\/image\/","url":"https:\/\/www.sillasmesas.es\/blog\/wp-content\/uploads\/2024\/11\/Logo-footer_transparente.png","contentUrl":"https:\/\/www.sillasmesas.es\/blog\/wp-content\/uploads\/2024\/11\/Logo-footer_transparente.png","width":300,"height":65,"caption":"SillasMesas blog"},"image":{"@id":"https:\/\/www.sillasmesas.es\/blog\/#\/schema\/logo\/image\/"}},{"@type":"Person","@id":"https:\/\/www.sillasmesas.es\/blog\/#\/schema\/person\/fadfcef0687b8477db97b6bba2de0daf","name":"\u00c1lvaro Mar\u00edn Dur\u00e1n","image":{"@type":"ImageObject","inLanguage":"es","@id":"https:\/\/secure.gravatar.com\/avatar\/29acadca08bf136ccb3af96c228cb67029eb20a66d506472742fc018d2e2026f?s=96&d=mm&r=g","url":"https:\/\/secure.gravatar.com\/avatar\/29acadca08bf136ccb3af96c228cb67029eb20a66d506472742fc018d2e2026f?s=96&d=mm&r=g","contentUrl":"https:\/\/secure.gravatar.com\/avatar\/29acadca08bf136ccb3af96c228cb67029eb20a66d506472742fc018d2e2026f?s=96&d=mm&r=g","caption":"\u00c1lvaro Mar\u00edn Dur\u00e1n"},"url":"https:\/\/www.sillasmesas.es\/blog\/author\/alvaro_md\/"}]}},"_links":{"self":[{"href":"https:\/\/www.sillasmesas.es\/blog\/wp-json\/wp\/v2\/posts\/2495","targetHints":{"allow":["GET"]}}],"collection":[{"href":"https:\/\/www.sillasmesas.es\/blog\/wp-json\/wp\/v2\/posts"}],"about":[{"href":"https:\/\/www.sillasmesas.es\/blog\/wp-json\/wp\/v2\/types\/post"}],"author":[{"embeddable":true,"href":"https:\/\/www.sillasmesas.es\/blog\/wp-json\/wp\/v2\/users\/4"}],"replies":[{"embeddable":true,"href":"https:\/\/www.sillasmesas.es\/blog\/wp-json\/wp\/v2\/comments?post=2495"}],"version-history":[{"count":0,"href":"https:\/\/www.sillasmesas.es\/blog\/wp-json\/wp\/v2\/posts\/2495\/revisions"}],"wp:featuredmedia":[{"embeddable":true,"href":"https:\/\/www.sillasmesas.es\/blog\/wp-json\/wp\/v2\/media\/2496"}],"wp:attachment":[{"href":"https:\/\/www.sillasmesas.es\/blog\/wp-json\/wp\/v2\/media?parent=2495"}],"wp:term":[{"taxonomy":"category","embeddable":true,"href":"https:\/\/www.sillasmesas.es\/blog\/wp-json\/wp\/v2\/categories?post=2495"},{"taxonomy":"post_tag","embeddable":true,"href":"https:\/\/www.sillasmesas.es\/blog\/wp-json\/wp\/v2\/tags?post=2495"}],"curies":[{"name":"wp","href":"https:\/\/api.w.org\/{rel}","templated":true}]}}